{"id":696,"date":"2024-08-19T16:44:33","date_gmt":"2024-08-19T19:44:33","guid":{"rendered":"https:\/\/performa.eng.br\/?p=696"},"modified":"2024-08-19T16:46:32","modified_gmt":"2024-08-19T19:46:32","slug":"ambientes-saudaveis","status":"publish","type":"post","link":"https:\/\/performa.eng.br\/?p=696","title":{"rendered":"Ambientes saud\u00e1veis"},"content":{"rendered":"\n<figure class=\"wp-block-image size-full\"><img loading=\"lazy\" decoding=\"async\" width=\"698\" height=\"318\" src=\"https:\/\/performa.eng.br\/wp-content\/uploads\/2024\/08\/Copia-de-Copia-de-Copia-de-Copia-de-Artigo-Saude-Mental-e1724095582130.jpg\" alt=\"ambientes saudaveis\" class=\"wp-image-698\" srcset=\"https:\/\/performa.eng.br\/wp-content\/uploads\/2024\/08\/Copia-de-Copia-de-Copia-de-Copia-de-Artigo-Saude-Mental-e1724095582130.jpg 698w, https:\/\/performa.eng.br\/wp-content\/uploads\/2024\/08\/Copia-de-Copia-de-Copia-de-Copia-de-Artigo-Saude-Mental-e1724095582130-300x137.jpg 300w\" sizes=\"auto, (max-width: 698px) 100vw, 698px\" \/><figcaption class=\"wp-element-caption\">Ambientes saud\u00e1veis<\/figcaption><\/figure>\n\n\n\n<p>No ambientes saud\u00e1veis corporativos modernos, a sa\u00fade mental e a seguran\u00e7a psicol\u00f3gica t\u00eam se tornado pilares fundamentais para o sucesso das organiza\u00e7\u00f5es. Reconhecendo essa necessidade crescente, nossa empresa oferece uma gama de servi\u00e7os especializados para promover o bem-estar mental dos colaboradores, garantir ambientes de trabalho saud\u00e1veis e impulsionar a produtividade de forma sustent\u00e1vel. Este texto apresenta, de maneira detalhada, os servi\u00e7os que oferecemos para apoiar as empresas na cria\u00e7\u00e3o de um ambiente psicologicamente seguro e no cuidado com a sa\u00fade mental dos seus colaboradores.<\/p>\n\n\n\n<h3 class=\"wp-block-heading\"><strong>1. Avalia\u00e7\u00e3o de Riscos Psicossociais<\/strong><\/h3>\n\n\n\n<p>Nossa avalia\u00e7\u00e3o de riscos psicossociais \u00e9 projetada para identificar fatores no ambiente de trabalho que podem impactar negativamente a sa\u00fade mental dos colaboradores. Isso inclui a an\u00e1lise de carga de trabalho, gest\u00e3o de tempo, clima organizacional, e o suporte social dispon\u00edvel.<\/p>\n\n\n\n<p><strong>Objetivos<\/strong> dos ambientes saud\u00e1veis:<\/p>\n\n\n\n<ul class=\"wp-block-list\">\n<li>Mapear potenciais fontes de estresse e desgaste psicol\u00f3gico.<\/li>\n\n\n\n<li>Propor medidas corretivas para mitigar os riscos identificados.<\/li>\n\n\n\n<li>Estabelecer indicadores de monitoramento cont\u00ednuo da sa\u00fade psicol\u00f3gica.<\/li>\n<\/ul>\n\n\n\n<p><strong>Benef\u00edcios<\/strong>:<\/p>\n\n\n\n<ul class=\"wp-block-list\">\n<li>Redu\u00e7\u00e3o dos \u00edndices de absente\u00edsmo e presente\u00edsmo.<\/li>\n\n\n\n<li>Aumento da satisfa\u00e7\u00e3o e reten\u00e7\u00e3o dos colaboradores.<\/li>\n\n\n\n<li>Promo\u00e7\u00e3o de um ambiente de trabalho mais saud\u00e1vel e produtivo.<\/li>\n<\/ul>\n\n\n\n<hr class=\"wp-block-separator has-alpha-channel-opacity\"\/>\n\n\n\n<h3 class=\"wp-block-heading\"><strong>2. Programas de Assist\u00eancia ao Empregado (PAE)<\/strong><\/h3>\n\n\n\n<p>Oferecemos Programas de Assist\u00eancia ao Empregado que incluem suporte psicol\u00f3gico confidencial, orienta\u00e7\u00e3o financeira, e aconselhamento jur\u00eddico. Estes servi\u00e7os s\u00e3o acess\u00edveis tanto presencialmente quanto via plataformas digitais, garantindo apoio constante aos colaboradores.<\/p>\n\n\n\n<p><strong>Objetivos<\/strong>:<\/p>\n\n\n\n<ul class=\"wp-block-list\">\n<li>Oferecer suporte imediato em momentos de crise pessoal ou profissional.<\/li>\n\n\n\n<li>Fornecer recursos para o desenvolvimento pessoal e gerenciamento de estresse.<\/li>\n\n\n\n<li>Promover o equil\u00edbrio entre vida pessoal e profissional.<\/li>\n<\/ul>\n\n\n\n<p><strong>Benef\u00edcios<\/strong>:<\/p>\n\n\n\n<ul class=\"wp-block-list\">\n<li>Melhora no bem-estar geral dos colaboradores.<\/li>\n\n\n\n<li>Cria\u00e7\u00e3o de um ambiente de apoio e confian\u00e7a dentro da empresa.<\/li>\n\n\n\n<li>Redu\u00e7\u00e3o dos impactos negativos relacionados a problemas pessoais no desempenho profissional.<\/li>\n<\/ul>\n\n\n\n<hr class=\"wp-block-separator has-alpha-channel-opacity\"\/>\n\n\n\n<h3 class=\"wp-block-heading\"><strong>3. Treinamentos em Seguran\u00e7a Psicol\u00f3gica<\/strong><\/h3>\n\n\n\n<p>Nossos treinamentos s\u00e3o desenvolvidos para capacitar l\u00edderes e equipes sobre a import\u00e2ncia da seguran\u00e7a psicol\u00f3gica no ambiente de trabalho. Estes treinamentos incluem m\u00f3dulos sobre comunica\u00e7\u00e3o eficaz, gest\u00e3o de conflitos, e cria\u00e7\u00e3o de uma cultura de feedback aberto e respeitoso.<\/p>\n\n\n\n<p><strong>Objetivos<\/strong>:<\/p>\n\n\n\n<ul class=\"wp-block-list\">\n<li>Capacitar l\u00edderes para identificar e lidar com sinais de desconforto psicol\u00f3gico.<\/li>\n\n\n\n<li>Promover uma cultura organizacional que valoriza o bem-estar mental.<\/li>\n\n\n\n<li>Reduzir o estigma associado \u00e0 discuss\u00e3o de quest\u00f5es de sa\u00fade mental no local de trabalho.<\/li>\n<\/ul>\n\n\n\n<p><strong>Benef\u00edcios<\/strong>:<\/p>\n\n\n\n<ul class=\"wp-block-list\">\n<li>Ambientes de trabalho mais colaborativos e inovadores.<\/li>\n\n\n\n<li>Redu\u00e7\u00e3o de conflitos e aumento da coes\u00e3o da equipe.<\/li>\n\n\n\n<li>Melhorias no desempenho organizacional atrav\u00e9s de uma for\u00e7a de trabalho mais engajada e motivada.<\/li>\n<\/ul>\n\n\n\n<hr class=\"wp-block-separator has-alpha-channel-opacity\"\/>\n\n\n\n<h3 class=\"wp-block-heading\"><strong>4. Sess\u00f5es de Mindfulness e Redu\u00e7\u00e3o de Estresse<\/strong><\/h3>\n\n\n\n<p>Oferecemos sess\u00f5es regulares de mindfulness e t\u00e9cnicas de redu\u00e7\u00e3o de estresse, que podem ser realizadas presencialmente ou online. Essas sess\u00f5es s\u00e3o conduzidas por especialistas certificados e s\u00e3o adaptadas \u00e0s necessidades espec\u00edficas de cada grupo ou indiv\u00edduo.<\/p>\n\n\n\n<p><strong>Objetivos<\/strong>:<\/p>\n\n\n\n<ul class=\"wp-block-list\">\n<li>Reduzir o estresse e a ansiedade entre os colaboradores.<\/li>\n\n\n\n<li>Melhorar o foco, a concentra\u00e7\u00e3o e a resili\u00eancia mental.<\/li>\n\n\n\n<li>Promover o bem-estar geral e a sa\u00fade emocional no ambiente de trabalho.<\/li>\n<\/ul>\n\n\n\n<p><strong>Benef\u00edcios<\/strong>:<\/p>\n\n\n\n<ul class=\"wp-block-list\">\n<li>Diminui\u00e7\u00e3o de sintomas de burnout e fadiga mental.<\/li>\n\n\n\n<li>Aumento da capacidade de resposta a desafios e mudan\u00e7as no ambiente de trabalho.<\/li>\n\n\n\n<li>Melhoria da qualidade de vida dos colaboradores, refletindo em melhores resultados para a empresa.<\/li>\n<\/ul>\n\n\n\n<hr class=\"wp-block-separator has-alpha-channel-opacity\"\/>\n\n\n\n<h3 class=\"wp-block-heading\"><strong>5. Consultoria em Pol\u00edticas de Sa\u00fade Mental<\/strong><\/h3>\n\n\n\n<p>Auxiliamos as empresas na cria\u00e7\u00e3o e implementa\u00e7\u00e3o de pol\u00edticas internas voltadas para a sa\u00fade mental, alinhadas com as melhores pr\u00e1ticas globais e a legisla\u00e7\u00e3o vigente. Isso inclui a defini\u00e7\u00e3o de diretrizes para o manejo de crises, pol\u00edticas de retorno ao trabalho ap\u00f3s afastamentos por quest\u00f5es de sa\u00fade mental, e programas de inclus\u00e3o e diversidade.<\/p>\n\n\n\n<p>Ambientes saud\u00e1veis<\/p>\n\n\n\n<ul class=\"wp-block-list\">\n<li>Garantir que a empresa possua pol\u00edticas claras e eficazes para o manejo de quest\u00f5es de sa\u00fade mental.<\/li>\n\n\n\n<li>Promover a inclus\u00e3o de colaboradores com condi\u00e7\u00f5es de sa\u00fade mental cr\u00f4nicas.<\/li>\n\n\n\n<li>Assegurar conformidade com as normas regulamentadoras e leis trabalhistas.<\/li>\n<\/ul>\n\n\n\n<p><strong>Benef\u00edcios<\/strong>:<\/p>\n\n\n\n<ul class=\"wp-block-list\">\n<li>Maior transpar\u00eancia e seguran\u00e7a jur\u00eddica nas a\u00e7\u00f5es relacionadas \u00e0 sa\u00fade mental.<\/li>\n\n\n\n<li>Redu\u00e7\u00e3o do turnover e aumento da lealdade dos colaboradores.<\/li>\n\n\n\n<li>Refor\u00e7o da imagem corporativa como uma empresa comprometida com o bem-estar de seus funcion\u00e1rios.<\/li>\n<\/ul>\n\n\n\n<hr class=\"wp-block-separator has-alpha-channel-opacity\"\/>\n\n\n\n<h3 class=\"wp-block-heading\"><strong>6. Pesquisas de Clima Organizacional Focadas em Sa\u00fade Mental<\/strong><\/h3>\n\n\n\n<p>Realizamos pesquisas de clima organizacional com foco espec\u00edfico em sa\u00fade mental e seguran\u00e7a psicol\u00f3gica. Estas pesquisas permitem entender a percep\u00e7\u00e3o dos colaboradores sobre o ambiente de trabalho e identificar \u00e1reas que necessitam de melhoria.<\/p>\n\n\n\n<p>Ambientes saud\u00e1veis<\/p>\n\n\n\n<ul class=\"wp-block-list\">\n<li>Avaliar o n\u00edvel de bem-estar psicol\u00f3gico dos colaboradores.<\/li>\n\n\n\n<li>Identificar pr\u00e1ticas organizacionais que possam estar impactando negativamente a sa\u00fade mental.<\/li>\n\n\n\n<li>Fornecer insights para a implementa\u00e7\u00e3o de melhorias cont\u00ednuas no ambiente de trabalho.<\/li>\n<\/ul>\n\n\n\n<p><strong>Benef\u00edcios<\/strong>:<\/p>\n\n\n\n<ul class=\"wp-block-list\">\n<li>Obten\u00e7\u00e3o de dados qualitativos e quantitativos sobre a sa\u00fade mental na empresa.<\/li>\n\n\n\n<li>Melhoria do ambiente organizacional atrav\u00e9s de a\u00e7\u00f5es informadas por dados.<\/li>\n\n\n\n<li>Aumento do engajamento e satisfa\u00e7\u00e3o dos colaboradores.<\/li>\n<\/ul>\n\n\n\n<hr class=\"wp-block-separator has-alpha-channel-opacity\"\/>\n\n\n\n<h3 class=\"wp-block-heading\"><strong>7. Programas de Retorno ao Trabalho<\/strong><\/h3>\n\n\n\n<p>Desenvolvemos programas espec\u00edficos para apoiar colaboradores que retornam ao trabalho ap\u00f3s afastamentos por quest\u00f5es de sa\u00fade mental. Esses programas incluem a elabora\u00e7\u00e3o de planos personalizados de reintegra\u00e7\u00e3o, suporte psicol\u00f3gico cont\u00ednuo, e ajustes no ambiente de trabalho para facilitar o retorno aos Ambientes saud\u00e1veis.<\/p>\n\n\n\n<p><strong>Objetivos<\/strong>:<\/p>\n\n\n\n<ul class=\"wp-block-list\">\n<li>Facilitar a reintegra\u00e7\u00e3o de colaboradores ao ambiente de trabalho de maneira segura e gradual.<\/li>\n\n\n\n<li>Oferecer suporte cont\u00ednuo para prevenir reca\u00eddas e novos afastamentos.<\/li>\n\n\n\n<li>Assegurar que o retorno ao trabalho seja positivo tanto para o colaborador quanto para a empresa.<\/li>\n<\/ul>\n\n\n\n<p><strong>Benef\u00edcios<\/strong>:<\/p>\n\n\n\n<ul class=\"wp-block-list\">\n<li>Redu\u00e7\u00e3o dos custos associados a afastamentos prolongados e novas licen\u00e7as m\u00e9dicas.<\/li>\n\n\n\n<li>Reten\u00e7\u00e3o de talentos e preserva\u00e7\u00e3o do capital humano.<\/li>\n\n\n\n<li>Promo\u00e7\u00e3o de uma cultura de cuidado e apoio dentro da organiza\u00e7\u00e3o.<\/li>\n<\/ul>\n\n\n\n<hr class=\"wp-block-separator has-alpha-channel-opacity\"\/>\n\n\n\n<h3 class=\"wp-block-heading\"><strong>8. Interven\u00e7\u00f5es em Crises Psicol\u00f3gicas<\/strong><\/h3>\n\n\n\n<p>Oferecemos suporte especializado para lidar com crises psicol\u00f3gicas dentro do ambiente de trabalho. Isso inclui desde a interven\u00e7\u00e3o imediata em situa\u00e7\u00f5es de emerg\u00eancia at\u00e9 a cria\u00e7\u00e3o de planos de longo prazo para lidar com eventos traum\u00e1ticos ou estressantes tornando os Ambientes saud\u00e1veis.<\/p>\n\n\n\n<p><strong>Objetivos<\/strong>:<\/p>\n\n\n\n<ul class=\"wp-block-list\">\n<li>Responder de forma r\u00e1pida e eficaz a crises que impactam a sa\u00fade mental dos colaboradores.<\/li>\n\n\n\n<li>Minimizar os efeitos de eventos traum\u00e1ticos no ambiente de trabalho.<\/li>\n\n\n\n<li>Oferecer suporte cont\u00ednuo para a recupera\u00e7\u00e3o dos colaboradores afetados.<\/li>\n<\/ul>\n\n\n\n<p><strong>Benef\u00edcios<\/strong>:<\/p>\n\n\n\n<ul class=\"wp-block-list\">\n<li>Prote\u00e7\u00e3o da sa\u00fade mental dos colaboradores em momentos cr\u00edticos.<\/li>\n\n\n\n<li>Manuten\u00e7\u00e3o da continuidade das opera\u00e7\u00f5es com o m\u00ednimo de impacto.<\/li>\n\n\n\n<li>Fortalecimento da resili\u00eancia organizacional diante de adversidades.<\/li>\n<\/ul>\n\n\n\n<hr class=\"wp-block-separator has-alpha-channel-opacity\"\/>\n\n\n\n<h3 class=\"wp-block-heading\"><strong>9. Workshops de Educa\u00e7\u00e3o e Conscientiza\u00e7\u00e3o sobre Sa\u00fade Mental<\/strong><\/h3>\n\n\n\n<p>Organizamos workshops e palestras educativas para aumentar a conscientiza\u00e7\u00e3o sobre a import\u00e2ncia da sa\u00fade mental no trabalho. Esses eventos s\u00e3o projetados para educar os colaboradores sobre os sinais de problemas de sa\u00fade mental e como buscar ajuda, al\u00e9m de fomentar um ambiente de apoio m\u00fatuo.<\/p>\n\n\n\n<p><strong>Objetivos<\/strong>:<\/p>\n\n\n\n<ul class=\"wp-block-list\">\n<li>Aumentar o conhecimento dos colaboradores sobre quest\u00f5es de sa\u00fade mental.<\/li>\n\n\n\n<li>Desmistificar e reduzir o estigma associado a transtornos mentais.<\/li>\n\n\n\n<li>Promover a ado\u00e7\u00e3o de h\u00e1bitos saud\u00e1veis e preventivos no dia a dia Ambientes saud\u00e1veis.<\/li>\n<\/ul>\n\n\n\n<p><strong>Benef\u00edcios<\/strong>:<\/p>\n\n\n\n<ul class=\"wp-block-list\">\n<li>Cria\u00e7\u00e3o de uma cultura de apoio e compreens\u00e3o dentro da empresa.<\/li>\n\n\n\n<li>Redu\u00e7\u00e3o de barreiras para que os colaboradores busquem ajuda quando necess\u00e1rio.<\/li>\n\n\n\n<li>Fortalecimento da coes\u00e3o e da solidariedade entre os membros da equipe Ambientes saud\u00e1veis.<\/li>\n<\/ul>\n\n\n\n<hr class=\"wp-block-separator has-alpha-channel-opacity\"\/>\n\n\n\n<h3 class=\"wp-block-heading\"><strong>10. Implementa\u00e7\u00e3o de Espa\u00e7os de Descompress\u00e3o<\/strong><\/h3>\n\n\n\n<p>Projetamos e implementamos espa\u00e7os de descompress\u00e3o dentro das instala\u00e7\u00f5es da empresa. Esses espa\u00e7os s\u00e3o dedicados ao relaxamento e \u00e0 pr\u00e1tica de atividades que promovam o bem-estar mental, como medita\u00e7\u00e3o, leitura, ou atividades recreativas leves. Ambientes saud\u00e1veis<\/p>\n\n\n\n<p><strong>Objetivos dos Ambientes saud\u00e1veis<\/strong>:<\/p>\n\n\n\n<ul class=\"wp-block-list\">\n<li>Oferecer um local seguro e tranquilo para os colaboradores aliviarem o estresse.<\/li>\n\n\n\n<li>Incentivar pausas regulares para recarregar as energias e melhorar a produtividade.<\/li>\n\n\n\n<li>Promover a sa\u00fade mental atrav\u00e9s de um ambiente de trabalho mais acolhedor.<\/li>\n<\/ul>\n\n\n\n<p><strong>Benef\u00edcios<\/strong>:<\/p>\n\n\n\n<ul class=\"wp-block-list\">\n<li>Aumento do bem-estar e da satisfa\u00e7\u00e3o dos colaboradores.<\/li>\n\n\n\n<li>Melhoria da produtividade e da qualidade do trabalho.<\/li>\n\n\n\n<li>Cria\u00e7\u00e3o de um ambiente de trabalho mais humanizado e agrad\u00e1vel.<\/li>\n<\/ul>\n\n\n\n<p><a href=\"https:\/\/performa.eng.br\/index.php\/2024\/05\/23\/parcerias-de-sucesso\/\">Parcerias De Sucesso &#8211; Ocupacional (performa.eng.br)<\/a><\/p>\n\n\n\n<p>Refer\u00eancias:<\/p>\n\n\n\n<figure class=\"wp-block-embed is-type-video is-provider-youtube wp-block-embed-youtube wp-embed-aspect-16-9 wp-has-aspect-ratio\"><div class=\"wp-block-embed__wrapper\">\n<iframe loading=\"lazy\" title=\"Gaslighting no ambiente de trabalho\" width=\"500\" height=\"281\" src=\"https:\/\/www.youtube.com\/embed\/-WxYbdNvbYo?feature=oembed\" frameborder=\"0\" allow=\"accelerometer; autoplay; clipboard-write; encrypted-media; gyroscope; picture-in-picture; web-share\" referrerpolicy=\"strict-origin-when-cross-origin\" allowfullscreen><\/iframe>\n<\/div><\/figure>\n\n\n\n<p><\/p>\n\n\n\n<figure class=\"wp-block-embed is-type-wp-embed is-provider-cofen wp-block-embed-cofen\"><div class=\"wp-block-embed__wrapper\">\n<blockquote class=\"wp-embedded-content\" data-secret=\"COFVMrL2Yk\"><a href=\"https:\/\/www.cofen.gov.br\/brasil-enfrenta-uma-segunda-pandemia-agora-na-saude-mental\/\" target=\"_blank\" rel=\"noopener\">Brasil vive uma segunda pandemia, agora na Sa\u00fade Mental<\/a><\/blockquote><iframe loading=\"lazy\" class=\"wp-embedded-content\" sandbox=\"allow-scripts\" security=\"restricted\" style=\"position: absolute; visibility: hidden;\" title=\"&#8220;Brasil vive uma segunda pandemia, agora na Sa\u00fade Mental&#8221; &#8212; Cofen\" src=\"https:\/\/www.cofen.gov.br\/brasil-enfrenta-uma-segunda-pandemia-agora-na-saude-mental\/embed\/#?secret=i9ssNvA2y7#?secret=COFVMrL2Yk\" data-secret=\"COFVMrL2Yk\" width=\"500\" height=\"282\" frameborder=\"0\" marginwidth=\"0\" marginheight=\"0\" scrolling=\"no\"><\/iframe>\n<\/div><\/figure>\n\n\n\n<figure class=\"wp-block-embed is-type-wp-embed is-provider-anamt wp-block-embed-anamt\"><div class=\"wp-block-embed__wrapper\">\n<blockquote class=\"wp-embedded-content\" data-secret=\"HcYXIjZQNM\"><a href=\"https:\/\/www.anamt.org.br\/portal\/2019\/04\/22\/transtornos-mentais-estao-entre-as-maiores-causas-de-afastamento-do-trabalho\/\" target=\"_blank\" rel=\"noopener\">Transtornos mentais est\u00e3o entre as maiores causas de afastamento do trabalho<\/a><\/blockquote><iframe loading=\"lazy\" class=\"wp-embedded-content\" sandbox=\"allow-scripts\" security=\"restricted\" style=\"position: absolute; visibility: hidden;\" title=\"&#8220;Transtornos mentais est\u00e3o entre as maiores causas de afastamento do trabalho&#8221; &#8212; ANAMT\" src=\"https:\/\/www.anamt.org.br\/portal\/2019\/04\/22\/transtornos-mentais-estao-entre-as-maiores-causas-de-afastamento-do-trabalho\/embed\/#?secret=NNlR8VgpHy#?secret=HcYXIjZQNM\" data-secret=\"HcYXIjZQNM\" width=\"500\" height=\"282\" frameborder=\"0\" marginwidth=\"0\" marginheight=\"0\" scrolling=\"no\"><\/iframe>\n<\/div><\/figure>\n\n\n\n<p><a href=\"https:\/\/www.ilo.org\/pt-pt\/resource\/news\/oms-e-oit-pedem-novas-medidas-para-enfrentar-os-problemas-de-saude-mental\" target=\"_blank\" rel=\"noopener\">https:\/\/www.ilo.org\/pt-pt\/resource\/news\/oms-e-oit-pedem-novas-medidas-para-enfrentar-os-problemas-de-saude-mental<\/a><\/p>\n\n\n<a class=\"wp-block-read-more\" href=\"https:\/\/performa.eng.br\/?p=696\" target=\"_self\">https:\/\/www.anamt.org.br\/portal\/2019\/04\/22\/transtornos-mentais-estao-entre-as-maiores-causas-de-afastamento-do-trabalho\/<span class=\"screen-reader-text\">: Ambientes saud\u00e1veis<\/span><\/a>","protected":false},"excerpt":{"rendered":"<p>No ambientes saud\u00e1veis corporativos modernos, a sa\u00fade mental e a seguran\u00e7a psicol\u00f3gica t\u00eam se tornado pilares fundamentais para o sucesso das organiza\u00e7\u00f5es. Reconhecendo essa necessidade crescente, nossa empresa oferece uma gama de servi\u00e7os especializados para promover o bem-estar mental dos colaboradores, garantir ambientes de trabalho saud\u00e1veis e impulsionar a produtividade de forma sustent\u00e1vel. Este texto [&hellip;]<\/p>\n","protected":false},"author":1,"featured_media":0,"comment_status":"closed","ping_status":"closed","sticky":false,"template":"","format":"standard","meta":{"footnotes":""},"categories":[27,19,23,11,37,15,34,7,48],"tags":[],"class_list":["post-696","post","type-post","status-publish","format-standard","hentry","category-psicologia-do-trabalho","category-conselhos-profissionais","category-educacao-corporativa","category-saude-ocupacional","category-seguranca","category-seguranca-do-trabalho","category-seguranca-e-saude-do-trabalho","category-seguranca-eletrica","category-sustentabilidade"],"_links":{"self":[{"href":"https:\/\/performa.eng.br\/index.php?rest_route=\/wp\/v2\/posts\/696","targetHints":{"allow":["GET"]}}],"collection":[{"href":"https:\/\/performa.eng.br\/index.php?rest_route=\/wp\/v2\/posts"}],"about":[{"href":"https:\/\/performa.eng.br\/index.php?rest_route=\/wp\/v2\/types\/post"}],"author":[{"embeddable":true,"href":"https:\/\/performa.eng.br\/index.php?rest_route=\/wp\/v2\/users\/1"}],"replies":[{"embeddable":true,"href":"https:\/\/performa.eng.br\/index.php?rest_route=%2Fwp%2Fv2%2Fcomments&post=696"}],"version-history":[{"count":2,"href":"https:\/\/performa.eng.br\/index.php?rest_route=\/wp\/v2\/posts\/696\/revisions"}],"predecessor-version":[{"id":703,"href":"https:\/\/performa.eng.br\/index.php?rest_route=\/wp\/v2\/posts\/696\/revisions\/703"}],"wp:attachment":[{"href":"https:\/\/performa.eng.br\/index.php?rest_route=%2Fwp%2Fv2%2Fmedia&parent=696"}],"wp:term":[{"taxonomy":"category","embeddable":true,"href":"https:\/\/performa.eng.br\/index.php?rest_route=%2Fwp%2Fv2%2Fcategories&post=696"},{"taxonomy":"post_tag","embeddable":true,"href":"https:\/\/performa.eng.br\/index.php?rest_route=%2Fwp%2Fv2%2Ftags&post=696"}],"curies":[{"name":"wp","href":"https:\/\/api.w.org\/{rel}","templated":true}]}}